{"id":11636,"date":"2021-07-22T12:32:02","date_gmt":"2021-07-22T15:32:02","guid":{"rendered":"https:\/\/nunoladeiro.com\/moradia-unifamiliar-em-sintra\/"},"modified":"2021-07-22T12:32:02","modified_gmt":"2021-07-22T15:32:02","slug":"moradia-unifamiliar-em-sintra","status":"publish","type":"post","link":"https:\/\/nunoladeiro.com\/en\/moradia-unifamiliar-em-sintra\/","title":{"rendered":"Moradia Unifamiliar em Sintra"},"content":{"rendered":"<div style=\"width: 1404px\" class=\"wp-caption alignnone\"><img loading=\"lazy\" decoding=\"async\" class=\" wp-image-11523\" src=\"https:\/\/nunoladeiro.com\/wp-content\/uploads\/2021\/07\/VISTA-1-300x144.jpg\" alt=\"\" width=\"1394\" height=\"669\" \/><p class=\"wp-caption-text\">Por v\u00e1rios anos, os propriet\u00e1rios desta exuberante moradia, procuraram o lugar ideal para construir a casa dos seus sonhos, que teria de ser num terreno amplo e bem localizado perto de Lisboa. Encontrado o ambicionado terreno de 5 mil m2,\u00a0 decidiram dar lugar a um sonho de ambos. Foi a partir da necessidade de encontrar um s\u00edtio para apreciar a paisagem, sossegado e onde pudessem estar sozinhos e trabalhar \u00e0 distancia por teletrabalho, que a arquitetura, a forma e o espa\u00e7o se tornaram os grandes protagonistas deste sonho. A exig\u00eancia que impuseram \u00e0 arquitetura foi a mesma que decidiu a escolha do local, que o terreno teria de estar virado na dire\u00e7\u00e3o norte-sul e inserido num espa\u00e7o buc\u00f3lico. Assim,\u00a0 o projeto arquitet\u00f3nico, consiste numa volumetria horizontal, de conce\u00e7\u00e3o racionalista, uma arquitetura inspirada no movimento moderno e em particular nas casas norte americanas do arquiteto Richard Neutra. A arquitetura destaca-se pelas suas formas contempor\u00e2neas,com superf\u00edcies de vidro que\u00a0 permitem a entrada de luz e uma rela\u00e7\u00e3o interior\/exterior, em que o espa\u00e7o interior se torna exterior com a abertura dos grandes envidra\u00e7ados.<\/p><\/div>\n<p>&nbsp;<\/p>\n<div id=\"attachment_11525\" style=\"width: 1383px\" class=\"wp-caption alignnone\"><img loading=\"lazy\" decoding=\"async\" aria-describedby=\"caption-attachment-11525\" class=\" wp-image-11525\" src=\"https:\/\/nunoladeiro.com\/wp-content\/uploads\/2021\/07\/VISTA-2-240x300.jpg\" alt=\"\" width=\"1373\" height=\"1716\" \/><p id=\"caption-attachment-11525\" class=\"wp-caption-text\"><span style=\"font-family: 'Segoe UI','sans-serif'; background: white;\">A Moradia Unifamiliar tem uma \u00e1rea de 1300 m2 com dois pisos,\u00a0\u00a0estacionamento autom\u00f3vel coberto, jardim privado, piscina, uma organiza\u00e7\u00e3o de tipologia T6, com duas suites , casa de banho e closet privativos, 4 quartos, todos com casa de banho e closet, escrit\u00f3rio, lavandaria, uma ampla sala de estar, sala de cinema, gin\u00e1sio, \u00e1rea de barbecue e uma cozinha ampla com jardim de inverno e lavandaria. Est\u00e1 tamb\u00e9m prevista uma \u00e1rea destinada ao caseiro com 1 quarto e instala\u00e7\u00e3o sanit\u00e1ria.\u00a0 \u00a0 \u00a0 \u00a0 \u00a0 \u00a0 \u00a0 \u00a0 \u00a0 \u00a0 \u00a0 \u00a0 \u00a0 \u00a0 \u00a0 \u00a0 \u00a0 \u00a0 \u00a0 \u00a0 \u00a0 \u00a0 \u00a0 \u00a0 \u00a0 \u00a0 \u00a0 \u00a0 \u00a0 \u00a0 \u00a0 \u00a0 \u00a0 \u00a0 \u00a0 \u00a0 \u00a0 \u00a0 \u00a0 \u00a0 \u00a0 \u00a0 \u00a0 \u00a0 \u00a0 \u00a0 \u00a0 \u00a0 \u00a0 \u00a0 \u00a0 \u00a0 \u00a0 \u00a0 \u00a0 \u00a0 \u00a0 \u00a0 \u00a0 \u00a0 \u00a0 \u00a0 \u00a0 \u00a0 \u00a0 \u00a0 \u00a0 \u00a0 \u00a0 \u00a0 \u00a0 \u00a0 \u00a0 \u00a0 \u00a0 \u00a0 \u00a0 \u00a0 \u00a0 \u00a0 \u00a0 \u00a0 \u00a0 \u00a0 \u00a0 \u00a0 \u00a0 \u00a0 \u00a0 \u00a0 \u00a0 \u00a0 \u00a0 \u00a0 \u00a0 \u00a0 \u00a0 \u00a0 \u00a0 \u00a0 \u00a0 \u00a0 \u00a0 \u00a0 \u00a0 \u00a0 \u00a0 \u00a0 \u00a0 \u00a0 \u00a0 \u00a0 \u00a0 \u00a0 \u00a0 \u00a0 \u00a0 \u00a0 \u00a0 \u00a0 \u00a0 \u00a0 \u00a0 \u00a0 \u00a0 \u00a0 \u00a0 \u00a0 \u00a0 \u00a0 \u00a0 \u00a0 \u00a0 \u00a0 \u00a0<\/span><\/p><\/div>\n<p><img loading=\"lazy\" decoding=\"async\" class=\" wp-image-11527\" src=\"https:\/\/nunoladeiro.com\/wp-content\/uploads\/2021\/07\/VISTA-3-300x144.jpg\" alt=\"\" width=\"1375\" height=\"660\" \/><\/p>\n<div id=\"attachment_11531\" style=\"width: 1386px\" class=\"wp-caption alignnone\"><img loading=\"lazy\" decoding=\"async\" aria-describedby=\"caption-attachment-11531\" class=\" wp-image-11531\" src=\"https:\/\/nunoladeiro.com\/wp-content\/uploads\/2021\/07\/Planta-RC-300x222.jpg\" alt=\"\" width=\"1376\" height=\"1018\" srcset=\"https:\/\/nunoladeiro.com\/wp-content\/uploads\/2021\/07\/Planta-RC-300x222.jpg 300w, https:\/\/nunoladeiro.com\/wp-content\/uploads\/2021\/07\/Planta-RC-768x569.jpg 768w, https:\/\/nunoladeiro.com\/wp-content\/uploads\/2021\/07\/Planta-RC.jpg 798w\" sizes=\"auto, (max-width: 1376px) 100vw, 1376px\" \/><p id=\"caption-attachment-11531\" class=\"wp-caption-text\">Planta do Piso 1<\/p><\/div>\n<div id=\"attachment_11533\" style=\"width: 1386px\" class=\"wp-caption alignnone\"><img loading=\"lazy\" decoding=\"async\" aria-describedby=\"caption-attachment-11533\" class=\" wp-image-11533\" src=\"https:\/\/nunoladeiro.com\/wp-content\/uploads\/2021\/07\/Planta-1-piso-300x216.jpg\" alt=\"\" width=\"1376\" height=\"991\" srcset=\"https:\/\/nunoladeiro.com\/wp-content\/uploads\/2021\/07\/Planta-1-piso-300x216.jpg 300w, https:\/\/nunoladeiro.com\/wp-content\/uploads\/2021\/07\/Planta-1-piso-768x552.jpg 768w, https:\/\/nunoladeiro.com\/wp-content\/uploads\/2021\/07\/Planta-1-piso.jpg 939w\" sizes=\"auto, (max-width: 1376px) 100vw, 1376px\" \/><p id=\"caption-attachment-11533\" class=\"wp-caption-text\">Planta do Piso 2<\/p><\/div>\n<p>&nbsp;<\/p>\n<p>PROJETO<\/p>\n<p>Localiza\u00e7\u00e3o: Sintra<\/p>\n<p>\u00c1rea de constru\u00e7\u00e3o: 1300 m2<\/p>\n<p>N\u00famero de pisos: 2<\/p>\n<p>EQUIPA<\/p>\n<p>Arquitetura: Nuno Ladeiro, Carmo Branco<\/p>\n<p>Projeto T\u00e9cnico: B\u00e1rbara Raimundo<\/p>\n<p>Projeto 3D: Pedro Fernandes<\/p>\n<p>Especialidades: ID2P Lda<\/p>\n","protected":false},"excerpt":{"rendered":"<p>&nbsp; &nbsp; PROJETO Localiza\u00e7\u00e3o: Sintra \u00c1rea de constru\u00e7\u00e3o: 1300 m2 N\u00famero de pisos: 2 EQUIPA Arquitetura: Nuno Ladeiro, Carmo Branco Projeto T\u00e9cnico: B\u00e1rbara Raimundo Projeto 3D: Pedro Fernandes Especialidades: ID2P Lda<\/p>\n","protected":false},"author":2,"featured_media":11524,"comment_status":"open","ping_status":"open","sticky":false,"template":"","format":"standard","meta":{"footnotes":""},"categories":[362],"tags":[],"class_list":["post-11636","post","type-post","status-publish","format-standard","has-post-thumbnail","hentry","category-uncategorized"],"_links":{"self":[{"href":"https:\/\/nunoladeiro.com\/en\/wp-json\/wp\/v2\/posts\/11636","targetHints":{"allow":["GET"]}}],"collection":[{"href":"https:\/\/nunoladeiro.com\/en\/wp-json\/wp\/v2\/posts"}],"about":[{"href":"https:\/\/nunoladeiro.com\/en\/wp-json\/wp\/v2\/types\/post"}],"author":[{"embeddable":true,"href":"https:\/\/nunoladeiro.com\/en\/wp-json\/wp\/v2\/users\/2"}],"replies":[{"embeddable":true,"href":"https:\/\/nunoladeiro.com\/en\/wp-json\/wp\/v2\/comments?post=11636"}],"version-history":[{"count":0,"href":"https:\/\/nunoladeiro.com\/en\/wp-json\/wp\/v2\/posts\/11636\/revisions"}],"wp:featuredmedia":[{"embeddable":true,"href":"https:\/\/nunoladeiro.com\/en\/wp-json\/wp\/v2\/media\/11524"}],"wp:attachment":[{"href":"https:\/\/nunoladeiro.com\/en\/wp-json\/wp\/v2\/media?parent=11636"}],"wp:term":[{"taxonomy":"category","embeddable":true,"href":"https:\/\/nunoladeiro.com\/en\/wp-json\/wp\/v2\/categories?post=11636"},{"taxonomy":"post_tag","embeddable":true,"href":"https:\/\/nunoladeiro.com\/en\/wp-json\/wp\/v2\/tags?post=11636"}],"curies":[{"name":"wp","href":"https:\/\/api.w.org\/{rel}","templated":true}]}}