{"id":10399,"date":"2020-11-24T16:38:50","date_gmt":"2020-11-24T19:38:50","guid":{"rendered":"https:\/\/nunoladeiro.com\/?p=10399"},"modified":"2020-11-24T16:45:26","modified_gmt":"2020-11-24T19:45:26","slug":"tate-modern-londres","status":"publish","type":"post","link":"https:\/\/nunoladeiro.com\/en\/tate-modern-londres\/","title":{"rendered":"TATE MODERN, Londres"},"content":{"rendered":"<p><img loading=\"lazy\" decoding=\"async\" class=\"wp-image-10400 aligncenter\" src=\"https:\/\/nunoladeiro.com\/wp-content\/uploads\/2020\/11\/3-4-300x169.jpg\" alt=\"\" width=\"892\" height=\"502\" srcset=\"https:\/\/nunoladeiro.com\/wp-content\/uploads\/2020\/11\/3-4-300x169.jpg 300w, https:\/\/nunoladeiro.com\/wp-content\/uploads\/2020\/11\/3-4.jpg 640w\" sizes=\"auto, (max-width: 892px) 100vw, 892px\" \/><\/p>\n<p>A imagem que hoje temos de uma arquitetura funcional, ut\u00f3pica e industrial, fixou popula\u00e7\u00f5es em regi\u00f5es, muitas vezes longe da sua origem. O aspeto modesto e ao mesmo tempo monumental destas constru\u00e7\u00f5es esconde uma perfeita intera\u00e7\u00e3o com o planeamento e determina as op\u00e7\u00f5es infraestruturais locais.<\/p>\n<p><img loading=\"lazy\" decoding=\"async\" class=\" wp-image-10402 aligncenter\" src=\"https:\/\/nunoladeiro.com\/wp-content\/uploads\/2020\/11\/5-300x169.jpg\" alt=\"\" width=\"915\" height=\"516\" srcset=\"https:\/\/nunoladeiro.com\/wp-content\/uploads\/2020\/11\/5-300x169.jpg 300w, https:\/\/nunoladeiro.com\/wp-content\/uploads\/2020\/11\/5-768x432.jpg 768w, https:\/\/nunoladeiro.com\/wp-content\/uploads\/2020\/11\/5.jpg 1024w\" sizes=\"auto, (max-width: 915px) 100vw, 915px\" \/><\/p>\n<p>O edif\u00edcio da Tate Modern, localizado no centro de Londres, ao lado do rio Tamisa junto \u00e0 catedral St. Paul\u2019s, foi em tempos a \u201cPower Sation\u201d de Londres, projeto de Gilbert Scott\u2019s.<\/p>\n<p>Estas constru\u00e7\u00f5es s\u00e3o geralmente estruturas organizadoras, de um ponto de vista social, inovadoras nos materiais e nos sistemas de constru\u00e7\u00e3o. Desde o s\u00e9culo dezoito que foram marcos decisivos na revolu\u00e7\u00e3o t\u00e9cnica e social, na inova\u00e7\u00e3o, no design e progresso, na pol\u00edtica e na economia. Nenhum outro edif\u00edcio nos d\u00e1 uma no\u00e7\u00e3o t\u00e3o clara de modernidade como a Tate Modern, pela sua constru\u00e7\u00e3o radical, de formas exageradas, que proporcionou a constru\u00e7\u00e3o deste edif\u00edcio aparentemente inimagin\u00e1vel.<\/p>\n<p><img loading=\"lazy\" decoding=\"async\" class=\" wp-image-10404 aligncenter\" src=\"https:\/\/nunoladeiro.com\/wp-content\/uploads\/2020\/11\/4-2-300x193.jpg\" alt=\"\" width=\"901\" height=\"579\" srcset=\"https:\/\/nunoladeiro.com\/wp-content\/uploads\/2020\/11\/4-2-300x193.jpg 300w, https:\/\/nunoladeiro.com\/wp-content\/uploads\/2020\/11\/4-2-1024x659.jpg 1024w, https:\/\/nunoladeiro.com\/wp-content\/uploads\/2020\/11\/4-2-768x494.jpg 768w, https:\/\/nunoladeiro.com\/wp-content\/uploads\/2020\/11\/4-2.jpg 1440w\" sizes=\"auto, (max-width: 901px) 100vw, 901px\" \/><\/p>\n<p>Mas, com o S\u00e9c. XX, estas f\u00e1bricas para a produ\u00e7\u00e3o de energia el\u00e9trica, transformaram-se num potente \u00edcone arquitet\u00f3nico. Com a p\u00f3s-modernidade, as mudan\u00e7as sociais e econ\u00f3micas, as cidades antigas industriais redefiniram-se, transformando as suas \u00e1reas industriais em polos de atra\u00e7\u00e3o para o \u00f3cio, desporto, centro de congressos e lugares para viver.<\/p>\n<p><img loading=\"lazy\" decoding=\"async\" class=\" wp-image-10408 aligncenter\" src=\"https:\/\/nunoladeiro.com\/wp-content\/uploads\/2020\/11\/1-4-300x169.jpg\" alt=\"\" width=\"911\" height=\"513\" srcset=\"https:\/\/nunoladeiro.com\/wp-content\/uploads\/2020\/11\/1-4-300x169.jpg 300w, https:\/\/nunoladeiro.com\/wp-content\/uploads\/2020\/11\/1-4-1024x576.jpg 1024w, https:\/\/nunoladeiro.com\/wp-content\/uploads\/2020\/11\/1-4-768x432.jpg 768w, https:\/\/nunoladeiro.com\/wp-content\/uploads\/2020\/11\/1-4.jpg 1280w\" sizes=\"auto, (max-width: 911px) 100vw, 911px\" \/><\/p>\n<p>A galeria Tate Modern instalou-se neste antigo edif\u00edcio industrial de 1917 e \u00e9 hoje uma galeria com uma das melhores cole\u00e7\u00f5es de arte do S\u00e9c. XX. O projeto de reabilita\u00e7\u00e3o e amplia\u00e7\u00e3o dos arquitetos su\u00ed\u00e7os Herzog &amp; de Mouron, \u00e9 um projeto extremamente minimalista que acentuou o dramatismo da arquitetura industrial do edif\u00edcio, adaptou a Central El\u00e9trica a uma nova fun\u00e7\u00e3o, de galeria que promove importantes mostras tempor\u00e1rias de arte moderna contempor\u00e2nea e que se tornou numa das maiores atra\u00e7\u00f5es da cidade de Londres.<\/p>\n<p><img loading=\"lazy\" decoding=\"async\" class=\" wp-image-10413 aligncenter\" src=\"https:\/\/nunoladeiro.com\/wp-content\/uploads\/2020\/11\/IMG_20180505_205806-300x169.jpg\" alt=\"\" width=\"884\" height=\"498\" srcset=\"https:\/\/nunoladeiro.com\/wp-content\/uploads\/2020\/11\/IMG_20180505_205806-300x169.jpg 300w, https:\/\/nunoladeiro.com\/wp-content\/uploads\/2020\/11\/IMG_20180505_205806-1024x577.jpg 1024w, https:\/\/nunoladeiro.com\/wp-content\/uploads\/2020\/11\/IMG_20180505_205806-768x433.jpg 768w, https:\/\/nunoladeiro.com\/wp-content\/uploads\/2020\/11\/IMG_20180505_205806-1536x866.jpg 1536w\" sizes=\"auto, (max-width: 884px) 100vw, 884px\" \/><\/p>\n<p>A cole\u00e7\u00e3o de arte alberga algumas das mais importantes obras de Pablo Picasso, Matisse, Braque, Natalya Goncharova, de Chirico, Francis Bacon, Alexander Calder, Chagall entre muitos outros artistas do s\u00e9culo XX.<\/p>\n<p><img loading=\"lazy\" decoding=\"async\" class=\"wp-image-10406 aligncenter\" src=\"https:\/\/nunoladeiro.com\/wp-content\/uploads\/2020\/11\/IMG_20180505_204953-169x300.jpg\" alt=\"\" width=\"907\" height=\"1610\" srcset=\"https:\/\/nunoladeiro.com\/wp-content\/uploads\/2020\/11\/IMG_20180505_204953-169x300.jpg 169w, https:\/\/nunoladeiro.com\/wp-content\/uploads\/2020\/11\/IMG_20180505_204953-577x1024.jpg 577w, https:\/\/nunoladeiro.com\/wp-content\/uploads\/2020\/11\/IMG_20180505_204953-768x1362.jpg 768w, https:\/\/nunoladeiro.com\/wp-content\/uploads\/2020\/11\/IMG_20180505_204953-866x1536.jpg 866w, https:\/\/nunoladeiro.com\/wp-content\/uploads\/2020\/11\/IMG_20180505_204953-scaled.jpg 1443w\" sizes=\"auto, (max-width: 907px) 100vw, 907px\" \/><\/p>\n","protected":false},"excerpt":{"rendered":"<p>A imagem que hoje temos de uma arquitetura funcional, ut\u00f3pica e industrial, fixou popula\u00e7\u00f5es em regi\u00f5es, muitas vezes longe da sua origem. O aspeto modesto e ao mesmo tempo monumental destas constru\u00e7\u00f5es esconde uma perfeita intera\u00e7\u00e3o com o planeamento e determina as op\u00e7\u00f5es infraestruturais locais&#8230;.<\/p>\n","protected":false},"author":2,"featured_media":10402,"comment_status":"open","ping_status":"open","sticky":false,"template":"","format":"standard","meta":{"footnotes":""},"categories":[374,362],"tags":[1013,1074,1077,1065,1076,1075],"class_list":["post-10399","post","type-post","status-publish","format-standard","has-post-thumbnail","hentry","category-blog-en","category-uncategorized","tag-arquitetura-en","tag-arquiteturamoderna","tag-herzog-de-mouron","tag-historiadaarquitetura","tag-londres","tag-tatemodern"],"_links":{"self":[{"href":"https:\/\/nunoladeiro.com\/en\/wp-json\/wp\/v2\/posts\/10399","targetHints":{"allow":["GET"]}}],"collection":[{"href":"https:\/\/nunoladeiro.com\/en\/wp-json\/wp\/v2\/posts"}],"about":[{"href":"https:\/\/nunoladeiro.com\/en\/wp-json\/wp\/v2\/types\/post"}],"author":[{"embeddable":true,"href":"https:\/\/nunoladeiro.com\/en\/wp-json\/wp\/v2\/users\/2"}],"replies":[{"embeddable":true,"href":"https:\/\/nunoladeiro.com\/en\/wp-json\/wp\/v2\/comments?post=10399"}],"version-history":[{"count":3,"href":"https:\/\/nunoladeiro.com\/en\/wp-json\/wp\/v2\/posts\/10399\/revisions"}],"predecessor-version":[{"id":10417,"href":"https:\/\/nunoladeiro.com\/en\/wp-json\/wp\/v2\/posts\/10399\/revisions\/10417"}],"wp:featuredmedia":[{"embeddable":true,"href":"https:\/\/nunoladeiro.com\/en\/wp-json\/wp\/v2\/media\/10402"}],"wp:attachment":[{"href":"https:\/\/nunoladeiro.com\/en\/wp-json\/wp\/v2\/media?parent=10399"}],"wp:term":[{"taxonomy":"category","embeddable":true,"href":"https:\/\/nunoladeiro.com\/en\/wp-json\/wp\/v2\/categories?post=10399"},{"taxonomy":"post_tag","embeddable":true,"href":"https:\/\/nunoladeiro.com\/en\/wp-json\/wp\/v2\/tags?post=10399"}],"curies":[{"name":"wp","href":"https:\/\/api.w.org\/{rel}","templated":true}]}}